{"id":3010,"date":"2025-01-26T16:19:56","date_gmt":"2025-01-26T15:19:56","guid":{"rendered":"http:\/\/monblogtrotter.com\/?p=3010"},"modified":"2025-08-23T10:00:18","modified_gmt":"2025-08-23T08:00:18","slug":"parc-national-vacaresti","status":"publish","type":"post","link":"https:\/\/monblogtrotter.com\/?p=3010","title":{"rendered":"Parc National Vacaresti"},"content":{"rendered":"\n<iframe loading=\"lazy\" src=\"https:\/\/www.google.com\/maps\/d\/embed?mid=1AvkvxnFIurjBe_VQzse9HjO7ZAiHXqI&#038;ehbc=2E312F\" width=\"640\" height=\"480\"><\/iframe>\n\n\n\n<div class=\"wp-block-columns is-layout-flex wp-container-core-columns-is-layout-9d6595d7 wp-block-columns-is-layout-flex\">\n<div class=\"wp-block-column is-layout-flow wp-block-column-is-layout-flow\" style=\"flex-basis:33.33%\">\n<h2 class=\"wp-block-heading\">Avis&nbsp;:<\/h2>\n\n\n\n<figure class=\"wp-block-image size-large\"><img loading=\"lazy\" decoding=\"async\" width=\"991\" height=\"230\" src=\"http:\/\/monblogtrotter.com\/wp-content\/uploads\/2020\/05\/3_5.png\" alt=\"\" class=\"wp-image-262\" srcset=\"https:\/\/monblogtrotter.com\/wp-content\/uploads\/2020\/05\/3_5.png 991w, https:\/\/monblogtrotter.com\/wp-content\/uploads\/2020\/05\/3_5-300x70.png 300w, https:\/\/monblogtrotter.com\/wp-content\/uploads\/2020\/05\/3_5-768x178.png 768w, https:\/\/monblogtrotter.com\/wp-content\/uploads\/2020\/05\/3_5-259x60.png 259w\" sizes=\"auto, (max-width: 991px) 100vw, 991px\" \/><\/figure>\n\n\n\n<h2 class=\"wp-block-heading\">Affluence&nbsp;:<\/h2>\n\n\n\n<figure class=\"wp-block-image size-large\"><img loading=\"lazy\" decoding=\"async\" width=\"991\" height=\"230\" src=\"http:\/\/monblogtrotter.com\/wp-content\/uploads\/2020\/05\/3_5.png\" alt=\"\" class=\"wp-image-262\" srcset=\"https:\/\/monblogtrotter.com\/wp-content\/uploads\/2020\/05\/3_5.png 991w, https:\/\/monblogtrotter.com\/wp-content\/uploads\/2020\/05\/3_5-300x70.png 300w, https:\/\/monblogtrotter.com\/wp-content\/uploads\/2020\/05\/3_5-768x178.png 768w, https:\/\/monblogtrotter.com\/wp-content\/uploads\/2020\/05\/3_5-259x60.png 259w\" sizes=\"auto, (max-width: 991px) 100vw, 991px\" \/><\/figure>\n<\/div>\n\n\n\n<div class=\"wp-block-column is-layout-flow wp-block-column-is-layout-flow\" style=\"flex-basis:66.66%\">\n<h2 class=\"wp-block-heading\">Commentaires:<\/h2>\n\n\n\n<blockquote class=\"wp-block-quote justify-text is-layout-flow wp-block-quote-is-layout-flow\">\n<p>\u00ab Si vous \u00eates \u00e0 Bucarest pendant plusieurs jour et que vous souhaitez prendre l\u2019air loin des bruits de la ville, le parc de Vacaresti est id\u00e9ale et si vous \u00eates chanceux vous pourrez apercevoir des oiseaux rares.\u00a0\u00bb<\/p>\n<\/blockquote>\n<\/div>\n<\/div>\n\n\n\n<p>Le parc naturel de V\u0103c\u0103re\u0219ti, situ\u00e9 \u00e0 Bucarest, est le premier parc naturel urbain du pays. S&#8217;\u00e9tendant sur environ 184,7 hectares, il constitue le plus grand espace vert de la capitale roumaine.<\/p>\n\n\n\n<p>\u00c0 l&#8217;origine, la zone abritait un lac artificiel, le lac V\u0103c\u0103re\u0219ti, dont la construction a \u00e9t\u00e9 abandonn\u00e9e, permettant \u00e0 la nature de reprendre ses droits. La v\u00e9g\u00e9tation s&#8217;y est d\u00e9velopp\u00e9e librement, favorisant l&#8217;apparition d&#8217;esp\u00e8ces d&#8217;oiseaux et d&#8217;animaux typiques des zones de delta.<\/p>\n\n\n\n<p>En 2016, le gouvernement roumain a officiellement d\u00e9clar\u00e9 la zone comme parc naturel, lui conf\u00e9rant le statut de zone prot\u00e9g\u00e9e. Cette reconnaissance a fait du parc de V\u0103c\u0103re\u0219ti la premi\u00e8re zone prot\u00e9g\u00e9e urbaine de Roumanie. Aujourd&#8217;hui, le parc est une v\u00e9ritable oasis de biodiversit\u00e9 en milieu urbain, offrant aux habitants et aux visiteurs un espace unique pour observer la faune et la flore, se promener et se reconnecter avec la nature au c\u0153ur de Bucarest.<br><\/p>\n\n\n\n<div class=\"wp-block-group\"><div class=\"wp-block-group__inner-container is-layout-flow wp-block-group-is-layout-flow\"><\/div><\/div>\n\n\n\n<figure class=\"wp-block-gallery has-nested-images columns-2 wp-block-gallery-1 is-layout-flex wp-block-gallery-is-layout-flex\">\n<figure class=\"wp-block-image size-large\"><img loading=\"lazy\" decoding=\"async\" width=\"1024\" height=\"485\" data-id=\"2883\" src=\"https:\/\/monblogtrotter.com\/wp-content\/uploads\/2025\/01\/Roumanie_Bucarest_Parc-National-Vacaresti_14-1024x485.jpg\" alt=\"\" class=\"wp-image-2883\" srcset=\"https:\/\/monblogtrotter.com\/wp-content\/uploads\/2025\/01\/Roumanie_Bucarest_Parc-National-Vacaresti_14-1024x485.jpg 1024w, https:\/\/monblogtrotter.com\/wp-content\/uploads\/2025\/01\/Roumanie_Bucarest_Parc-National-Vacaresti_14-300x142.jpg 300w, https:\/\/monblogtrotter.com\/wp-content\/uploads\/2025\/01\/Roumanie_Bucarest_Parc-National-Vacaresti_14-768x364.jpg 768w, https:\/\/monblogtrotter.com\/wp-content\/uploads\/2025\/01\/Roumanie_Bucarest_Parc-National-Vacaresti_14-127x60.jpg 127w, https:\/\/monblogtrotter.com\/wp-content\/uploads\/2025\/01\/Roumanie_Bucarest_Parc-National-Vacaresti_14.jpg 1200w\" sizes=\"auto, (max-width: 1024px) 100vw, 1024px\" \/><\/figure>\n\n\n\n<figure class=\"wp-block-image size-large\"><img loading=\"lazy\" decoding=\"async\" width=\"1024\" height=\"486\" data-id=\"2882\" src=\"https:\/\/monblogtrotter.com\/wp-content\/uploads\/2025\/01\/Roumanie_Bucarest_Parc-National-Vacaresti_13-1024x486.jpg\" alt=\"\" class=\"wp-image-2882\" srcset=\"https:\/\/monblogtrotter.com\/wp-content\/uploads\/2025\/01\/Roumanie_Bucarest_Parc-National-Vacaresti_13-1024x486.jpg 1024w, https:\/\/monblogtrotter.com\/wp-content\/uploads\/2025\/01\/Roumanie_Bucarest_Parc-National-Vacaresti_13-300x142.jpg 300w, https:\/\/monblogtrotter.com\/wp-content\/uploads\/2025\/01\/Roumanie_Bucarest_Parc-National-Vacaresti_13-768x364.jpg 768w, https:\/\/monblogtrotter.com\/wp-content\/uploads\/2025\/01\/Roumanie_Bucarest_Parc-National-Vacaresti_13-127x60.jpg 127w, https:\/\/monblogtrotter.com\/wp-content\/uploads\/2025\/01\/Roumanie_Bucarest_Parc-National-Vacaresti_13.jpg 1200w\" sizes=\"auto, (max-width: 1024px) 100vw, 1024px\" \/><\/figure>\n<\/figure>\n\n\n\n<p><\/p>\n<div style='text-align:left' class='yasr-auto-insert-visitor'><\/div>","protected":false},"excerpt":{"rendered":"<p>Avis&nbsp;: Affluence&nbsp;: Commentaires: \u00ab Si vous \u00eates \u00e0 Bucarest pendant plusieurs jour et que vous souhaitez prendre l\u2019air loin des bruits de la ville, le parc de Vacaresti est id\u00e9ale et si vous \u00eates chanceux vous pourrez apercevoir des oiseaux rares.\u00a0\u00bb Le parc naturel de &hellip; <\/p>\n","protected":false},"author":2,"featured_media":2883,"comment_status":"open","ping_status":"open","sticky":false,"template":"","format":"standard","meta":{"yasr_overall_rating":0,"yasr_post_is_review":"","yasr_auto_insert_disabled":"","yasr_review_type":"","footnotes":""},"categories":[44],"tags":[],"class_list":["post-3010","post","type-post","status-publish","format-standard","has-post-thumbnail","hentry","category-roumanie"],"yasr_visitor_votes":{"stars_attributes":{"read_only":false,"span_bottom":false},"number_of_votes":0,"sum_votes":0},"_links":{"self":[{"href":"https:\/\/monblogtrotter.com\/index.php?rest_route=\/wp\/v2\/posts\/3010","targetHints":{"allow":["GET"]}}],"collection":[{"href":"https:\/\/monblogtrotter.com\/index.php?rest_route=\/wp\/v2\/posts"}],"about":[{"href":"https:\/\/monblogtrotter.com\/index.php?rest_route=\/wp\/v2\/types\/post"}],"author":[{"embeddable":true,"href":"https:\/\/monblogtrotter.com\/index.php?rest_route=\/wp\/v2\/users\/2"}],"replies":[{"embeddable":true,"href":"https:\/\/monblogtrotter.com\/index.php?rest_route=%2Fwp%2Fv2%2Fcomments&post=3010"}],"version-history":[{"count":2,"href":"https:\/\/monblogtrotter.com\/index.php?rest_route=\/wp\/v2\/posts\/3010\/revisions"}],"predecessor-version":[{"id":3101,"href":"https:\/\/monblogtrotter.com\/index.php?rest_route=\/wp\/v2\/posts\/3010\/revisions\/3101"}],"wp:featuredmedia":[{"embeddable":true,"href":"https:\/\/monblogtrotter.com\/index.php?rest_route=\/wp\/v2\/media\/2883"}],"wp:attachment":[{"href":"https:\/\/monblogtrotter.com\/index.php?rest_route=%2Fwp%2Fv2%2Fmedia&parent=3010"}],"wp:term":[{"taxonomy":"category","embeddable":true,"href":"https:\/\/monblogtrotter.com\/index.php?rest_route=%2Fwp%2Fv2%2Fcategories&post=3010"},{"taxonomy":"post_tag","embeddable":true,"href":"https:\/\/monblogtrotter.com\/index.php?rest_route=%2Fwp%2Fv2%2Ftags&post=3010"}],"curies":[{"name":"wp","href":"https:\/\/api.w.org\/{rel}","templated":true}]}}