{"id":219,"date":"2020-06-06T21:18:00","date_gmt":"2020-06-06T19:18:00","guid":{"rendered":"http:\/\/monblogtrotter.com\/?p=219"},"modified":"2024-01-21T15:18:23","modified_gmt":"2024-01-21T14:18:23","slug":"perou-sur-la-route-de-la-cite-perdue","status":"publish","type":"post","link":"https:\/\/monblogtrotter.com\/?p=219","title":{"rendered":"P\u00e9rou &#8211; Sur la route de la cit\u00e9 perdue"},"content":{"rendered":"\n<p class=\"justify-text\">Nous sommes cinq aventuriers \u00e0 partir \u00e0 la d\u00e9couverte des tr\u00e9sors que renferme le P\u00e9rou. Aur\u00e9lie, Tiphaine, Manu, Guillaume, Arnaud et Mathieu, tous coll\u00e8gues fran\u00e7ais.<\/p>\n\n\n\n<p class=\"justify-text\">Nous avons choisi le P\u00e9rou pour ses richesses historiques, culinaires et ses grands chemins de randonn\u00e9es. Les paysages sauvages, les pics enneig\u00e9s des Andes, les dunes de sable \u00e0 perte de vue sur la c\u00f4te Ouest, les myst\u00e9rieuses cit\u00e9es Incas, et les profondeurs sinueuses de l\u2019Amazonie \u00e0 l\u2019Est nous r\u00e9servent bien des surprises.<\/p>\n\n\n\n<p class=\"justify-text\">Certains d\u2019entre nous avions pr\u00e9par\u00e9 ce voyage notamment en faisant des recherches sur les guides touristiques et \u00e9galement en s\u2019entra\u00eenant \u00e0 parler espagnol sur l\u2019application duolingo mais ce que nous r\u00e9serve ce pays est loin d\u2019\u00eatre ce que l\u2019on peut apprendre dans les livres ou sur une application.<\/p>\n\n\n\n<hr class=\"wp-block-separator\"\/>\n\n\n\n<h2 class=\"wp-block-heading\"><strong>Notre itin\u00e9raire pour 3 semaines&nbsp;du 7 au 29 Octobre 2016<\/strong><\/h2>\n\n\n\n<div class=\"wp-block-group\"><div class=\"wp-block-group__inner-container is-layout-flow wp-block-group-is-layout-flow\">\n<div class=\"wp-block-group is-layout-flow wp-block-group-is-layout-flow\"><div class=\"wp-block-group__inner-container\"><\/div><\/div>\n<\/div><\/div>\n\n\n\n<div class=\"wp-block-columns is-layout-flex wp-container-core-columns-is-layout-9d6595d7 wp-block-columns-is-layout-flex\">\n<div class=\"wp-block-column is-layout-flow wp-block-column-is-layout-flow\" style=\"flex-basis:40%\">\n<figure><iframe loading=\"lazy\" src=\"https:\/\/www.google.com\/maps\/d\/embed?mid=1aYVYepm-vMtgzuvlZGBgxHUO9sGvhdHj&amp;hl=fr\" width=\"640\" height=\"480\"><\/iframe><\/figure>\n<\/div>\n\n\n\n<div class=\"wp-block-column is-layout-flow wp-block-column-is-layout-flow\" style=\"flex-basis:33.33%\">\n<div style=\"height:70px\" aria-hidden=\"true\" class=\"wp-block-spacer\"><\/div>\n\n\n\n<p>Londres &#8211; Lima : Avion<br>Lima &#8211; Paracas : Bus de nuit<br>Paracas \u2013 Huacachina : Bus de jour<br>Hacachina \u2013 Paracas : Bus de jour<br>Paracas \u2013 Arequipa: Bus de nuit<br>Arequipa \u2013 Canyon de Colca : Minibus<br>Canyon de Colca \u2013 Arequipa : Minibus<br>Arequipa \u2013 Cuzco\/Machu Picchu: Bus de nuit<br>Cusco \u2013 La Paz: Avion<br>La Paz \u2013 Rurenabaque : Avion<br>Rurenabaque \u2013 La Paz : Avion<br>La Paz \u2013 Copacabana: Bus de jour<br>Lac Titicaca \u2013 La Paz : Bus de jour<br>La Paz \u2013 Lima : Avion<br>Lima \u2013 Londres : Avion<\/p>\n<\/div>\n<\/div>\n\n\n\n<hr class=\"wp-block-separator\"\/>\n\n\n\n<h2 class=\"wp-block-heading\">Notre Parcours<\/h2>\n\n\n\n<div style=\"height:30px\" aria-hidden=\"true\" class=\"wp-block-spacer\"><\/div>\n\n\n\n<h3 class=\"has-text-align-left wp-block-heading\"><strong>Paracas et les Islas Ballestas<\/strong><\/h3>\n\n\n\n<p class=\"justify-text\">Paracas est une petite cit\u00e9 baln\u00e9aire situ\u00e9e dans une des zones les plus d\u00e9sertiques de la c\u00f4te p\u00e9ruvienne. Elle est tr\u00e8s connue pour son impressionnante diversit\u00e9 de faune. La p\u00e9ninsule se trouve dans une r\u00e9gion o\u00f9 les courants marins froids produisent une grande abondance de plancton qui sert \u00e0 nourrir les poissons, les crustac\u00e9s et les mollusques. C\u2019est ainsi que viennent se nourrir \u00e9galement oiseaux, pingouins et mammif\u00e8res marins.<\/p>\n\n\n\n<p class=\"justify-text\">A la sortie du bus nous sommes accueillis par plusieurs guides qui viennent nous proposer leur services. &nbsp;\u00ab&nbsp;Bienvenidos a Paracas&nbsp;!&nbsp;\u00bb<\/p>\n\n\n\n<div class=\"wp-block-media-text alignwide is-stacked-on-mobile\" style=\"grid-template-columns:38% auto\"><figure class=\"wp-block-media-text__media\"><img loading=\"lazy\" decoding=\"async\" width=\"1024\" height=\"683\" src=\"http:\/\/monblogtrotter.com\/wp-content\/uploads\/2020\/05\/Islas-Ballestas-1024x683.jpg\" alt=\"\" class=\"wp-image-267\"\/><\/figure><div class=\"wp-block-media-text__content\">\n<p class=\"justify-text\"><em><strong>Islas Ballestas<\/strong><\/em> <a rel=\"noreferrer noopener\" href=\"http:\/\/monblogtrotter.com\/?p=280\" target=\"_blank\">(Voir l&#8217;article)<\/a><\/p>\n\n\n\n<p class=\"justify-text has-normal-font-size\">\u00abC\u2019est une attraction tr\u00e8s touristique qui enl\u00e8ve du charme au lieu. En revanche on peut admirer de tr\u00e8s pr\u00e9s, les oiseaux et mammif\u00e8res marin dans leur \u00e9l\u00e9ment&nbsp;\u00bb<\/p>\n<\/div><\/div>\n\n\n\n<div style=\"height:30px\" aria-hidden=\"true\" class=\"wp-block-spacer\"><\/div>\n\n\n\n<div class=\"wp-block-media-text alignwide is-stacked-on-mobile\" style=\"grid-template-columns:38% auto\"><figure class=\"wp-block-media-text__media\"><img loading=\"lazy\" decoding=\"async\" width=\"1024\" height=\"576\" src=\"http:\/\/monblogtrotter.com\/wp-content\/uploads\/2020\/05\/La-r\u00e9serve-Nationale-de-Paracas-1-1024x576.jpg\" alt=\"\" class=\"wp-image-268\"\/><\/figure><div class=\"wp-block-media-text__content\">\n<p class=\"justify-text has-normal-font-size\"><em><strong>R\u00e9serve Nationale de Paracas<\/strong><\/em> <a rel=\"noreferrer noopener\" href=\"http:\/\/monblogtrotter.com\/?p=282\" target=\"_blank\">(Voir l&#8217;article)<\/a><\/p>\n\n\n\n<p class=\"justify-text has-normal-font-size\">\u00abLes routes peuvent s\u2019embler tr\u00e8s longues \u00e0 v\u00e9lo. En revanche cela reste une tr\u00e8s bonne excursion pour les sportifs.\u00bb<\/p>\n<\/div><\/div>\n\n\n\n<div style=\"height:100px\" aria-hidden=\"true\" class=\"wp-block-spacer\"><\/div>\n\n\n\n<h3 class=\"wp-block-heading\"><strong>Huacachina<\/strong><\/h3>\n\n\n\n<p class=\"justify-text\">Huacachina est une petite ville construite autour d\u2019un oasis, aux portes du d\u00e9sert. Ce d\u00e9sert est un grand terrain de jeu o\u00f9 l\u2019on peut pratiquer du buggy et du sandboard.<\/p>\n\n\n\n<div class=\"wp-block-media-text alignwide is-stacked-on-mobile\" style=\"grid-template-columns:38% auto\"><figure class=\"wp-block-media-text__media\"><a href=\"http:\/\/monblogtrotter.com\/?p=410\"><img loading=\"lazy\" decoding=\"async\" width=\"1024\" height=\"576\" src=\"http:\/\/monblogtrotter.com\/wp-content\/uploads\/2020\/05\/Buggy-dans-le-desert-de-Huacachina-1024x576.jpg\" alt=\"\" class=\"wp-image-329\"\/><\/a><\/figure><div class=\"wp-block-media-text__content\">\n<p class=\"justify-text has-normal-font-size\"><em><strong>Buggy et Sandboard dans le d\u00e9sert de Huacachina<\/strong><\/em> <a href=\"http:\/\/monblogtrotter.com\/?p=410\" target=\"_blank\" rel=\"noreferrer noopener\">(Voir l&#8217;article)<\/a><\/p>\n\n\n\n<p class=\"justify-text\">\u00abBuggy tr\u00e8s amusant en revanche, d\u00e9\u00e7u par le Sandboard&nbsp;\u00bb<\/p>\n<\/div><\/div>\n\n\n\n<div style=\"height:30px\" aria-hidden=\"true\" class=\"wp-block-spacer\"><\/div>\n\n\n\n<div class=\"wp-block-media-text alignwide is-stacked-on-mobile\" style=\"grid-template-columns:38% auto\"><figure class=\"wp-block-media-text__media\"><a href=\"http:\/\/monblogtrotter.com\/?p=414\"><img loading=\"lazy\" decoding=\"async\" width=\"1024\" height=\"576\" src=\"http:\/\/monblogtrotter.com\/wp-content\/uploads\/2020\/05\/Coucher-de-soleil-dans-le-desert-de-Huacachina-2-1024x576.jpg\" alt=\"\" class=\"wp-image-325\"\/><\/a><\/figure><div class=\"wp-block-media-text__content\">\n<p class=\"justify-text has-normal-font-size\"><em><strong>Nuit dans le d\u00e9sert de Huacachina<\/strong><\/em> <a href=\"http:\/\/monblogtrotter.com\/?p=414\" target=\"_blank\" rel=\"noreferrer noopener\">(Voir l&#8217;article)<\/a><\/p>\n\n\n\n<p class=\"justify-text\">\u00abSi vous n\u2019avez jamais eu l\u2019occasion de dormir dans un d\u00e9sert, je vous encourage \u00e0 le faire&nbsp;!&nbsp;\u00bb<\/p>\n<\/div><\/div>\n\n\n\n<div style=\"height:100px\" aria-hidden=\"true\" class=\"wp-block-spacer\"><\/div>\n\n\n\n<h3 class=\"wp-block-heading\"><strong>La province d\u2019Arequipa<\/strong><\/h3>\n\n\n\n<p class=\"justify-text\">La province d\u2019Arequipa est une destination tr\u00e8s int\u00e9ressante pour ses sites et maisons coloniales. Sa principale ville&nbsp;: Arequipa est un bon pied-\u00e0-terre pour partir \u00e0 la d\u00e9couverte du canyon de Colca et de ses tr\u00e8s fameux condors.<\/p>\n\n\n\n<div class=\"wp-block-media-text alignwide is-stacked-on-mobile\" style=\"grid-template-columns:38% auto\"><figure class=\"wp-block-media-text__media\"><a href=\"http:\/\/monblogtrotter.com\/?p=416\"><img loading=\"lazy\" decoding=\"async\" width=\"1024\" height=\"576\" src=\"http:\/\/monblogtrotter.com\/wp-content\/uploads\/2020\/05\/Plaza-de-Armas-Arequipa-1024x576.jpg\" alt=\"\" class=\"wp-image-345\"\/><\/a><\/figure><div class=\"wp-block-media-text__content\">\n<p class=\"justify-text has-normal-font-size\"><em><strong>Visite de la ville d\u2019Arequipa<\/strong><\/em> <a href=\"http:\/\/monblogtrotter.com\/?p=416\" target=\"_blank\" rel=\"noreferrer noopener\">(Voir l&#8217;article)<\/a><\/p>\n\n\n\n<p class=\"justify-text\">\u00abLa ville est tr\u00e8s sympa \u00e0 visiter de jour comme de nuit.\u00bb<\/p>\n<\/div><\/div>\n\n\n\n<div style=\"height:30px\" aria-hidden=\"true\" class=\"wp-block-spacer\"><\/div>\n\n\n\n<div class=\"wp-block-media-text alignwide is-stacked-on-mobile\" style=\"grid-template-columns:38% auto\"><figure class=\"wp-block-media-text__media\"><a href=\"http:\/\/monblogtrotter.com\/?p=420\"><img loading=\"lazy\" decoding=\"async\" width=\"1024\" height=\"576\" src=\"http:\/\/monblogtrotter.com\/wp-content\/uploads\/2020\/05\/Le-canyon-de-Colca-1-1024x576.jpg\" alt=\"\" class=\"wp-image-335\"\/><\/a><\/figure><div class=\"wp-block-media-text__content\">\n<p class=\"justify-text has-normal-font-size\"><em><strong>Trek de deux jours dans le canyon de Colca<\/strong><\/em> <a href=\"http:\/\/monblogtrotter.com\/?p=420\" target=\"_blank\" rel=\"noreferrer noopener\">(Voir l&#8217;article)<\/a><\/p>\n\n\n\n<p class=\"justify-text\">\u00abTrek assez touristique mais tr\u00e8s int\u00e9ressant \u00e0 faire. Un des rares endroits ou on peut \u00eatre quasiment sur de croiser des condors.&nbsp;\u00bb<\/p>\n<\/div><\/div>\n\n\n\n<div style=\"height:100px\" aria-hidden=\"true\" class=\"wp-block-spacer\"><\/div>\n\n\n\n<h3 class=\"wp-block-heading\"><strong>La r\u00e9gion de Cuzco<\/strong><\/h3>\n\n\n\n<p class=\"justify-text\">C&#8217;est dans la r\u00e9gion de Cuzco (le \u00ab nombril du monde \u00bb en Quechua) qu&#8217;est n\u00e9 l&#8217;empire Inca. Bienvenue au pays des fils du Soleil !<\/p>\n\n\n\n<p class=\"justify-text\">Dans cette r\u00e9gion, on peut admirer de nombreux anciens vestiges Inca. La plupart d\u2019entre eux ont \u00e9t\u00e9 ras\u00e9s par les conquistadors, mais il existe encore des sites mythiques comme&nbsp;la fameuse cite Inca de Machu Picchu.<\/p>\n\n\n\n<div class=\"wp-block-media-text alignwide is-stacked-on-mobile\" style=\"grid-template-columns:38% auto\"><figure class=\"wp-block-media-text__media\"><a href=\"http:\/\/monblogtrotter.com\/?p=438\"><img loading=\"lazy\" decoding=\"async\" width=\"1024\" height=\"576\" src=\"http:\/\/monblogtrotter.com\/wp-content\/uploads\/2020\/05\/Cuzco-1-1024x576.jpg\" alt=\"\" class=\"wp-image-361\"\/><\/a><\/figure><div class=\"wp-block-media-text__content\">\n<p class=\"justify-text has-normal-font-size\"><strong><em>Visite de la ville de Cuzco<\/em><\/strong> <a href=\"http:\/\/monblogtrotter.com\/?p=438\" target=\"_blank\" rel=\"noreferrer noopener\">(Voir l&#8217;article)<\/a><\/p>\n\n\n\n<p class=\"justify-text\">\u00abVille incontournable par son histoire et ses traditions culinaires!&nbsp;\u00bb<\/p>\n<\/div><\/div>\n\n\n\n<div style=\"height:30px\" aria-hidden=\"true\" class=\"wp-block-spacer\"><\/div>\n\n\n\n<div class=\"wp-block-media-text alignwide is-stacked-on-mobile\" style=\"grid-template-columns:38% auto\"><figure class=\"wp-block-media-text__media\"><a href=\"http:\/\/monblogtrotter.com\/?p=444\"><img loading=\"lazy\" decoding=\"async\" width=\"1024\" height=\"683\" src=\"http:\/\/monblogtrotter.com\/wp-content\/uploads\/2020\/05\/Laguna-Humantay-2-1024x683.jpg\" alt=\"\" class=\"wp-image-351\"\/><\/a><\/figure><div class=\"wp-block-media-text__content\">\n<p class=\"justify-text has-normal-font-size\"><strong><em>Le Trek du Salkantay<\/em><\/strong> <a href=\"http:\/\/monblogtrotter.com\/?p=444\" target=\"_blank\" rel=\"noreferrer noopener\">(Voir l&#8217;article)<\/a><\/p>\n\n\n\n<p class=\"justify-text\">\u00abLe fait de faire 5 jours de trek assez sportif avant d\u2019arriver au Machu Picchu donne un \u00e9norme sentiment de satisfaction. Incontournable\u00bb<\/p>\n<\/div><\/div>\n\n\n\n<div style=\"height:30px\" aria-hidden=\"true\" class=\"wp-block-spacer\"><\/div>\n\n\n\n<div class=\"wp-block-media-text alignwide is-stacked-on-mobile\" style=\"grid-template-columns:38% auto\"><figure class=\"wp-block-media-text__media\"><a href=\"http:\/\/monblogtrotter.com\/?p=447\"><img loading=\"lazy\" decoding=\"async\" width=\"1024\" height=\"569\" src=\"http:\/\/monblogtrotter.com\/wp-content\/uploads\/2020\/05\/Machu-Picchu1-1024x569.jpg\" alt=\"\" class=\"wp-image-377\"\/><\/a><\/figure><div class=\"wp-block-media-text__content\">\n<p class=\"justify-text has-normal-font-size\"><strong><em>La cit\u00e9 du Machu Picchu<\/em><\/strong> <a href=\"http:\/\/monblogtrotter.com\/?p=447\" target=\"_blank\" rel=\"noreferrer noopener\">(Voir l&#8217;article)<\/a><\/p>\n\n\n\n<p class=\"justify-text\">\u00abIl y a \u00e9norm\u00e9ment de touristes, en revanche c\u2019est une chose \u00e0 faire immanquablement car le site et l\u2019atmosph\u00e8re sont grandioses.\u00bb<\/p>\n<\/div><\/div>\n\n\n\n<div style=\"height:100px\" aria-hidden=\"true\" class=\"wp-block-spacer\"><\/div>\n\n\n\n<h3 class=\"wp-block-heading\"><strong>Copacabana, Lac Titicaca<\/strong><\/h3>\n\n\n\n<p class=\"justify-text\">Le lac Titicaca, situ\u00e9 \u00e0 3812 m d\u2019altitude est le plus grand lac d\u2019eau douce d\u2019Am\u00e9rique latine, aliment\u00e9 par 25 rivi\u00e8res. Le village de Copacabana, situ\u00e9 sur ses rives, est \u00e0 une distance de 150 km de La Paz. C\u2019est ici que nous avons pu admirer une vue magnifique sur le lac.<\/p>\n\n\n\n<p class=\"justify-text\">Le lac abrite une quarantaine d\u2019\u00eeles accessibles depuis de nombreux ports. Elles sont peupl\u00e9es majoritairement par des populations indiennes perp\u00e9tuant les traditions des civilisations pr\u00e9hispaniques qui s\u2019\u00e9taient assises dans la r\u00e9gion. Leurs principales activit\u00e9s sont la p\u00eache et l\u2019artisanat.<\/p>\n\n\n\n<p class=\"justify-text\">Une l\u00e9gende andine raconte qu&#8217;un tr\u00e9sor Inca dormirait au fond du lac. Il s&#8217;agirait d&#8217;une partie du grand tr\u00e9sor des Incas du XVIe si\u00e8cle.<\/p>\n\n\n\n<div class=\"wp-block-media-text alignwide is-stacked-on-mobile\" style=\"grid-template-columns:38% auto\"><figure class=\"wp-block-media-text__media\"><a href=\"http:\/\/monblogtrotter.com\/?p=450\"><img loading=\"lazy\" decoding=\"async\" width=\"1024\" height=\"576\" src=\"http:\/\/monblogtrotter.com\/wp-content\/uploads\/2020\/05\/Copacabana-totora-boat-1024x576.jpg\" alt=\"\" class=\"wp-image-383\"\/><\/a><\/figure><div class=\"wp-block-media-text__content\">\n<p class=\"justify-text has-normal-font-size\"><strong><em>Visite des alentours de Copacabana et de ses rives sur le lac Titicaca<\/em><\/strong> <a href=\"http:\/\/monblogtrotter.com\/?p=450\" target=\"_blank\" rel=\"noreferrer noopener\">(Voir l&#8217;article)<\/a><\/p>\n\n\n\n<p class=\"justify-text\">\u00abMalheureusement, nous n\u2019avons pas eu l\u2019occasion de visiter les villages de populations vivant dans les anciennes traditions. La ville de Copacabana est agr\u00e9able mais pas incontournable.\u00bb<\/p>\n<\/div><\/div>\n\n\n\n<div style=\"height:100px\" aria-hidden=\"true\" class=\"wp-block-spacer\"><\/div>\n\n\n\n<h3 class=\"wp-block-heading\"><strong>Rurrenabaque en Amazonie<\/strong><\/h3>\n\n\n\n<p class=\"justify-text\">Rurrenabaque est une petite ville du Nord de la Bolivie sur le Fleuve Beni. Elle est l\u2019entr\u00e9e pour les visites du Parc National Madidi. C\u2019est&nbsp;le parc le mieux pr\u00e9serv\u00e9 de l\u2019Amazonie&nbsp;; c\u2019est pour cela que nous nous sommes rendu en Bolivie. On peut se rendre \u00e0 Rurrenabaque en bus ou en avion. Nous avons opt\u00e9 pour l\u2019avion. Moi qui d\u2019habitude ne crains pas les avions, je n\u2019ai jamais eu aussi peur cette fois-ci, tant \u00e7a a secou\u00e9\u2026<\/p>\n\n\n\n<div class=\"wp-block-media-text alignwide is-stacked-on-mobile\" style=\"grid-template-columns:38% auto\"><figure class=\"wp-block-media-text__media\"><a href=\"http:\/\/monblogtrotter.com\/?p=452\"><img loading=\"lazy\" decoding=\"async\" width=\"1024\" height=\"576\" src=\"http:\/\/monblogtrotter.com\/wp-content\/uploads\/2020\/05\/00318-1024x576.jpg\" alt=\"\" class=\"wp-image-398\"\/><\/a><\/figure><div class=\"wp-block-media-text__content\">\n<p class=\"justify-text has-normal-font-size\"><strong><em>S\u00e9jour \u00e0 Rurrenabaque<\/em><\/strong> <a href=\"http:\/\/monblogtrotter.com\/?p=452\" target=\"_blank\" rel=\"noreferrer noopener\">(Voir l&#8217;article)<\/a><\/p>\n\n\n\n<p class=\"justify-text\">\u00abSi vous voulez d\u00e9couvrir l\u2019Amazonie, le parc national Madidi dont le d\u00e9part se fait de Rurrenabaque est une destination incontournable.\u00bb<\/p>\n<\/div><\/div>\n\n\n\n<div style=\"height:30px\" aria-hidden=\"true\" class=\"wp-block-spacer\"><\/div>\n\n\n\n<div class=\"wp-block-media-text alignwide is-stacked-on-mobile\" style=\"grid-template-columns:38% auto\"><figure class=\"wp-block-media-text__media\"><a href=\"http:\/\/monblogtrotter.com\/?p=454\"><img loading=\"lazy\" decoding=\"async\" width=\"1024\" height=\"683\" src=\"http:\/\/monblogtrotter.com\/wp-content\/uploads\/2020\/05\/Amazonie-singe-\u00e9cureuil-1024x683.jpg\" alt=\"\" class=\"wp-image-387\"\/><\/a><\/figure><div class=\"wp-block-media-text__content\">\n<p class=\"justify-text has-normal-font-size\"><strong><em>Stage de survie en Amazonie <\/em><\/strong><a href=\"http:\/\/monblogtrotter.com\/?p=454\" target=\"_blank\" rel=\"noreferrer noopener\">(Voir l&#8217;article)<\/a><\/p>\n\n\n\n<p class=\"justify-text\">\u00abExp\u00e9rience tr\u00e8s \u00e9prouvante mais inoubliable. A faire absolument avec un guide et en bonne condition physique.&nbsp;\u00bb<\/p>\n<\/div><\/div>\n\n\n\n<div style=\"height:100px\" aria-hidden=\"true\" class=\"wp-block-spacer\"><\/div>\n\n\n\n<h3 class=\"wp-block-heading\">La Paz<\/h3>\n\n\n\n<p class=\"justify-text\">Nous nous sommes rendus \u00e0 La Paz afin de pouvoir aller \u00e0 Copacabana et revenir vers lima en avion. Il y a beaucoup d\u2019activit\u00e9s \u00e0 faire autour de La Paz, malheureusement notre s\u00e9jour se finissait.<\/p>\n\n\n\n<div class=\"wp-block-media-text alignwide is-stacked-on-mobile\" style=\"grid-template-columns:38% auto\"><figure class=\"wp-block-media-text__media\"><a href=\"http:\/\/monblogtrotter.com\/?p=456\"><img loading=\"lazy\" decoding=\"async\" width=\"1024\" height=\"683\" src=\"http:\/\/monblogtrotter.com\/wp-content\/uploads\/2020\/05\/La-Paz-2-1024x683.jpg\" alt=\"\" class=\"wp-image-404\"\/><\/a><\/figure><div class=\"wp-block-media-text__content\">\n<p class=\"justify-text has-normal-font-size\"><strong><em>Visite de La Paz<\/em><\/strong> <a href=\"http:\/\/monblogtrotter.com\/?p=456\" target=\"_blank\" rel=\"noreferrer noopener\">(Voir l&#8217;article)<\/a><\/p>\n\n\n\n<p class=\"justify-text\">\u00abLa Paz est une ville bruyante et pollu\u00e9e.&nbsp;Ce n\u2019est pas vraiment l\u2019id\u00e9al pour une fin de s\u00e9jour.\u00bb<\/p>\n<\/div><\/div>\n\n\n\n<div style=\"height:100px\" aria-hidden=\"true\" class=\"wp-block-spacer\"><\/div>\n\n\n\n<hr class=\"wp-block-separator\"\/>\n\n\n\n<h2 class=\"wp-block-heading\">Notre avis sur ce voyage<\/h2>\n\n\n\n<p class=\"justify-text\">Nous garderons de tr\u00e8s bons souvenirs de ce pays magnifique tant par ses paysages divers et vari\u00e9s et l\u2019accueille chaleureux des P\u00e9ruviens. C\u2019est un tr\u00e8s bons compromis entre culture et nature. Il est tr\u00e8s conseill\u00e9 d\u2019avoir quelques notions d\u2019espagnoles afin de pouvoir \u00e9changer avec les communaut\u00e9s locales et \u00e9galement pouvoir \u00eatre plus flexible sur les agences de voyages qui ne parlent pas toujours tr\u00e8s bien l\u2019anglais.<\/p>\n\n\n\n<p class=\"justify-text\">Il n\u2019est pas n\u00e9cessaire d\u2019avoir son voyage d\u2019organis\u00e9 \u00e0 l\u2019 avance, tout peut se r\u00e9server sur place.<\/p>\n\n\n\n<p class=\"justify-text\">Les sites les plus connus comme le Machu Picchu sont fr\u00e9quent\u00e9s par de nombreux touristes, ce qui d\u00e9naturalise les lieux. Evitez de ne faire que les lieux les plus touristiques et prenez le temps de faire des treks de plusieurs jours pour vous fondre dans la nature, partir \u00e0 la d\u00e9couverte de la faune et la flore et rencontrer les p\u00e9ruviens.<\/p>\n\n\n\n<p class=\"justify-text\">J\u2019esp\u00e8re que comme nous vous trouverez la cite perdu renfermant de nombreux tr\u00e9sors&nbsp;!<\/p>\n\n\n\n<p><\/p>\n\n\n\n<hr class=\"wp-block-separator\"\/>\n\n\n\n<h2 class=\"wp-block-heading\">Album Photo<\/h2>\n\n\n\n<figure class=\"wp-block-image size-medium is-resized\"><a href=\"https:\/\/www.calameo.com\/read\/00138474922032240e11f\" target=\"_blank\" rel=\"noopener noreferrer\"><img loading=\"lazy\" decoding=\"async\" src=\"http:\/\/monblogtrotter.com\/wp-content\/uploads\/2023\/08\/1-3-300x300.jpg\" alt=\"\" class=\"wp-image-1571\" width=\"300\" height=\"300\"\/><\/a><figcaption><a rel=\"noreferrer noopener\" href=\"https:\/\/www.calameo.com\/read\/00138474922032240e11f\" target=\"_blank\">(Voir l\u2019album)<\/a><\/figcaption><\/figure>\n\n\n\n<hr class=\"wp-block-separator\"\/>\n\n\n\n<h2 class=\"wp-block-heading\">Galerie Photo<\/h2>\n\n\n\n<div class=\"alignnormal\">[metaslider id=1981 cssclass=&#8221;&#8221;]<\/div>\n<div style='text-align:left' class='yasr-auto-insert-visitor'><\/div>","protected":false},"excerpt":{"rendered":"<p>Nous sommes cinq aventuriers \u00e0 partir \u00e0 la d\u00e9couverte des tr\u00e9sors que renferme le P\u00e9rou. Aur\u00e9lie, Tiphaine, Manu, Guillaume, Arnaud et Mathieu, tous coll\u00e8gues fran\u00e7ais.<\/p>\n","protected":false},"author":2,"featured_media":223,"comment_status":"open","ping_status":"open","sticky":true,"template":"","format":"standard","meta":{"yasr_overall_rating":0,"yasr_post_is_review":"","yasr_auto_insert_disabled":"","yasr_review_type":"","footnotes":""},"categories":[25,18],"tags":[],"class_list":["post-219","post","type-post","status-publish","format-standard","has-post-thumbnail","hentry","category-amerique-du-sud","category-perou"],"yasr_visitor_votes":{"stars_attributes":{"read_only":false,"span_bottom":false},"number_of_votes":2,"sum_votes":10},"_links":{"self":[{"href":"https:\/\/monblogtrotter.com\/index.php?rest_route=\/wp\/v2\/posts\/219","targetHints":{"allow":["GET"]}}],"collection":[{"href":"https:\/\/monblogtrotter.com\/index.php?rest_route=\/wp\/v2\/posts"}],"about":[{"href":"https:\/\/monblogtrotter.com\/index.php?rest_route=\/wp\/v2\/types\/post"}],"author":[{"embeddable":true,"href":"https:\/\/monblogtrotter.com\/index.php?rest_route=\/wp\/v2\/users\/2"}],"replies":[{"embeddable":true,"href":"https:\/\/monblogtrotter.com\/index.php?rest_route=%2Fwp%2Fv2%2Fcomments&post=219"}],"version-history":[{"count":58,"href":"https:\/\/monblogtrotter.com\/index.php?rest_route=\/wp\/v2\/posts\/219\/revisions"}],"predecessor-version":[{"id":2022,"href":"https:\/\/monblogtrotter.com\/index.php?rest_route=\/wp\/v2\/posts\/219\/revisions\/2022"}],"wp:featuredmedia":[{"embeddable":true,"href":"https:\/\/monblogtrotter.com\/index.php?rest_route=\/wp\/v2\/media\/223"}],"wp:attachment":[{"href":"https:\/\/monblogtrotter.com\/index.php?rest_route=%2Fwp%2Fv2%2Fmedia&parent=219"}],"wp:term":[{"taxonomy":"category","embeddable":true,"href":"https:\/\/monblogtrotter.com\/index.php?rest_route=%2Fwp%2Fv2%2Fcategories&post=219"},{"taxonomy":"post_tag","embeddable":true,"href":"https:\/\/monblogtrotter.com\/index.php?rest_route=%2Fwp%2Fv2%2Ftags&post=219"}],"curies":[{"name":"wp","href":"https:\/\/api.w.org\/{rel}","templated":true}]}}