{"id":1582,"date":"2023-09-03T17:30:57","date_gmt":"2023-09-03T15:30:57","guid":{"rendered":"http:\/\/monblogtrotter.com\/?p=1582"},"modified":"2024-01-21T14:00:23","modified_gmt":"2024-01-21T13:00:23","slug":"lile-de-la-reunion-lile-intense","status":"publish","type":"post","link":"https:\/\/monblogtrotter.com\/?p=1582","title":{"rendered":"L&#8217;\u00eele de la R\u00e9union &#8211; L&#8217;\u00eele Intense"},"content":{"rendered":"\n<figure class=\"wp-block-embed-youtube wp-block-embed is-type-video is-provider-youtube wp-embed-aspect-16-9 wp-has-aspect-ratio\"><div class=\"wp-block-embed__wrapper\">\n<iframe loading=\"lazy\" title=\"R\u00e9union - L&#039;\u00eele Intense\" width=\"910\" height=\"512\" src=\"https:\/\/www.youtube.com\/embed\/bQHjobKO6rc?feature=oembed\" frameborder=\"0\" allow=\"accelerometer; autoplay; clipboard-write; encrypted-media; gyroscope; picture-in-picture; web-share\" referrerpolicy=\"strict-origin-when-cross-origin\" allowfullscreen><\/iframe>\n<\/div><\/figure>\n\n\n\n<p>L\u2019ile de la r\u00e9union : Intens\u00e9ment grandiose \u00e0 travers les Pitons, cirques et remparts. Intens\u00e9ment exotique, avec les poissons multicolores qui vont et viennent dans l\u2019eau turquoise des lagons. Intens\u00e9ment envo\u00fbtante, Carrefour des civilisations europ\u00e9enne, malgache, indienne, asiatique et africaine.<\/p>\n\n\n\n<p>D\u00e9couvrez le voyage de la famille et des amis d\u2019Antoine et Kelly venant \u00e0 leur rencontre pour c\u00e9l\u00e9brer leur mariage.<\/p>\n\n\n\n<p>Anciennement appel\u00e9e \u00eele Bourbon, puis \u00eele Bonaparte, elle fut d\u00e9couverte en 1632, elle est officiellement fran\u00e7aise en 1663. Depuis 1946, elle est un d\u00e9partement d&#8217;outre-mer fran\u00e7ais.<\/p>\n\n\n\n<p>Cette \u00eele r\u00e9unit une multitude d&#8217;origines, la population vient&nbsp; principalement de l&#8217;Afrique, de l&#8217;Inde, de France et plein d&#8217;autres pays encore. La diversit\u00e9 des origines explique les diff\u00e9rentes religions pratiqu\u00e9es sur cette \u00eele comme l&#8217;hindouisme, le christianisme et l&#8217;islam.<\/p>\n\n\n\n<p>Elle est une destination de voyage privil\u00e9gi\u00e9e par son climat tropical et la beaut\u00e9 de ses paysages volcaniques. La R\u00e9union poss\u00e8de des paysages tr\u00e8s vari\u00e9s allant des plages de sable blanc aux chemins de montagne offrant des paysages formidables.<\/p>\n\n\n\n<hr class=\"wp-block-separator\"\/>\n\n\n\n<h2 class=\"wp-block-heading\"><strong><strong><strong><strong><strong>Notre itin\u00e9raire pour 3 semaines&nbsp;du 26 D\u00e9cembre 2019 au 14 Janvier 2020<\/strong><\/strong><\/strong><\/strong><\/strong><\/h2>\n\n\n\n<div class=\"wp-block-group\"><div class=\"wp-block-group__inner-container is-layout-flow wp-block-group-is-layout-flow\">\n<div class=\"wp-block-group is-layout-flow wp-block-group-is-layout-flow\"><div class=\"wp-block-group__inner-container\"><\/div><\/div>\n<\/div><\/div>\n\n\n\n<div class=\"wp-block-columns is-layout-flex wp-container-core-columns-is-layout-9d6595d7 wp-block-columns-is-layout-flex\">\n<div class=\"wp-block-column is-layout-flow wp-block-column-is-layout-flow\" style=\"flex-basis:40%\">\n<iframe loading=\"lazy\" src=\"https:\/\/www.google.com\/maps\/d\/embed?mid=1bAvcCO-zhAN7jMQymo26RO2gAl6Ki2w&amp;ehbc=2E312F\" width=\"640\" height=\"480\"><\/iframe>\n\n\n\n<div class=\"wp-block-group is-layout-flow wp-block-group-is-layout-flow\"><div class=\"wp-block-group__inner-container\"><\/div><\/div>\n\n\n\n<p><\/p>\n<\/div>\n\n\n\n<div class=\"wp-block-column is-layout-flow wp-block-column-is-layout-flow\" style=\"flex-basis:33.33%\">\n<div style=\"height:25px\" aria-hidden=\"true\" class=\"wp-block-spacer\"><\/div>\n\n\n\n<p class=\"justify-text\">Paris \u2013 Saint Denis: Avion<\/p>\n\n\n\n<p class=\"justify-text\">Saint Denis \u2013 Saint Gilles les Bains: Van<\/p>\n\n\n\n<p>Saint Gilles \u2013 Cilaos: Van<\/p>\n\n\n\n<p>Cilaos \u2013 Saint Rose: Van<\/p>\n\n\n\n<p>Saint Rose \u2013 Salazie: Van<\/p>\n\n\n\n<p>Salazie \u2013 Saint Denis: Van<\/p>\n\n\n\n<p>Saint Denis \u2013 Paris: Avion<\/p>\n<\/div>\n<\/div>\n\n\n\n<p>Pour profiter un maximum de l\u2019ile et de ses \u00ab attractions \u00bb, la location de camping car \/ Van est tr\u00e8s pratique.<\/p>\n\n\n\n<p>C\u2019est l\u2019option que nous avons choisie pour parcourir l\u2019ile. Malgr\u00e9 certaines situations compliqu\u00e9es pour trouver un \u00ab spot \u00bb pendant la nuit, la R\u00e9union regorge d\u2019airs d\u2019emplacement de camping. Aussi il est tr\u00e8s facile de trouver point d\u2019eau, sanitaires et douche sur les plages.<\/p>\n\n\n\n<p>Nous avons effectu\u00e9 n\u00f4tre r\u00e9servation avec Blacksheep&nbsp;:<\/p>\n\n\n\n<p><a href=\"https:\/\/www.blacksheep-van.com\/reservation\/location-van-la-reunion\/\">https:\/\/www.blacksheep-v<\/a><a href=\"https:\/\/www.blacksheep-van.com\/reservation\/location-van-la-reunion\/\" target=\"_blank\" rel=\"noreferrer noopener\">an.com\/reservation\/location-van-la-reunion<\/a><a href=\"https:\/\/www.blacksheep-van.com\/reservation\/location-van-la-reunion\/\">\/<\/a><\/p>\n\n\n\n<div class=\"wp-block-group alignwide\"><div class=\"wp-block-group__inner-container is-layout-flow wp-block-group-is-layout-flow\">\n<div class=\"wp-block-group alignwide\"><div class=\"wp-block-group__inner-container is-layout-flow wp-block-group-is-layout-flow\">\n<figure class=\"wp-block-gallery columns-2 is-cropped wp-block-gallery-1 is-layout-flex wp-block-gallery-is-layout-flex\"><ul class=\"blocks-gallery-grid\"><li class=\"blocks-gallery-item\"><figure><img loading=\"lazy\" decoding=\"async\" width=\"1024\" height=\"768\" src=\"http:\/\/monblogtrotter.com\/wp-content\/uploads\/2023\/08\/Reunion_Van1-1024x768.jpg\" alt=\"\" data-id=\"1720\" data-full-url=\"http:\/\/monblogtrotter.com\/wp-content\/uploads\/2023\/08\/Reunion_Van1.jpg\" data-link=\"http:\/\/monblogtrotter.com\/?attachment_id=1720\" class=\"wp-image-1720\" srcset=\"https:\/\/monblogtrotter.com\/wp-content\/uploads\/2023\/08\/Reunion_Van1-1024x768.jpg 1024w, https:\/\/monblogtrotter.com\/wp-content\/uploads\/2023\/08\/Reunion_Van1-300x225.jpg 300w, https:\/\/monblogtrotter.com\/wp-content\/uploads\/2023\/08\/Reunion_Van1-768x576.jpg 768w, https:\/\/monblogtrotter.com\/wp-content\/uploads\/2023\/08\/Reunion_Van1-1536x1153.jpg 1536w, https:\/\/monblogtrotter.com\/wp-content\/uploads\/2023\/08\/Reunion_Van1-80x60.jpg 80w, https:\/\/monblogtrotter.com\/wp-content\/uploads\/2023\/08\/Reunion_Van1.jpg 1599w\" sizes=\"auto, (max-width: 1024px) 100vw, 1024px\" \/><\/figure><\/li><li class=\"blocks-gallery-item\"><figure><img loading=\"lazy\" decoding=\"async\" width=\"1024\" height=\"768\" src=\"http:\/\/monblogtrotter.com\/wp-content\/uploads\/2023\/08\/Reunion_Van2-1024x768.jpg\" alt=\"\" data-id=\"1721\" data-full-url=\"http:\/\/monblogtrotter.com\/wp-content\/uploads\/2023\/08\/Reunion_Van2.jpg\" data-link=\"http:\/\/monblogtrotter.com\/?attachment_id=1721\" class=\"wp-image-1721\" srcset=\"https:\/\/monblogtrotter.com\/wp-content\/uploads\/2023\/08\/Reunion_Van2-1024x768.jpg 1024w, https:\/\/monblogtrotter.com\/wp-content\/uploads\/2023\/08\/Reunion_Van2-300x225.jpg 300w, https:\/\/monblogtrotter.com\/wp-content\/uploads\/2023\/08\/Reunion_Van2-768x576.jpg 768w, https:\/\/monblogtrotter.com\/wp-content\/uploads\/2023\/08\/Reunion_Van2-80x60.jpg 80w, https:\/\/monblogtrotter.com\/wp-content\/uploads\/2023\/08\/Reunion_Van2.jpg 1200w\" sizes=\"auto, (max-width: 1024px) 100vw, 1024px\" \/><\/figure><\/li><\/ul><\/figure>\n<\/div><\/div>\n<\/div><\/div>\n\n\n\n<hr class=\"wp-block-separator\"\/>\n\n\n\n<h2 class=\"wp-block-heading\"><strong>Notre Parcours<\/strong><\/h2>\n\n\n\n<div style=\"height:30px\" aria-hidden=\"true\" class=\"wp-block-spacer\"><\/div>\n\n\n\n<h3 class=\"has-text-align-left wp-block-heading\"><strong><strong><strong><strong><strong>Cilaos<\/strong><\/strong><\/strong><\/strong><\/strong><\/h3>\n\n\n\n<p>Le Cilaos est accessible par une petites route \u00e9troite et \u00e0 flanc de falaise qui est surnomm\u00e9e la route aux 400 virages.<\/p>\n\n\n\n<p>C\u2019 est un des trois cirques de la R\u00e9union. Il est en effet entour\u00e9 de remparts et des trois plus hauts sommets de l\u2019ile : le Piton des Neiges (3.070 m\u00e8tres), le Gros Morne (3.019 m\u00e8tres) et le Grand B\u00e9nare (2.898 m\u00e8tres). C\u2019est le point de d\u00e9part de nombreux sentiers de randonn\u00e9e. C\u2019est aussi un terrain de jeu privil\u00e9gi\u00e9 pour la pratique de l\u2019escalade, du canyoning et du VTT.<\/p>\n\n\n\n<div class=\"wp-block-media-text alignwide is-stacked-on-mobile\" style=\"grid-template-columns:38% auto\"><figure class=\"wp-block-media-text__media\"><a href=\"http:\/\/monblogtrotter.com\/?p=1751\" target=\"_blank\" rel=\"noopener noreferrer\"><img loading=\"lazy\" decoding=\"async\" width=\"1024\" height=\"577\" src=\"http:\/\/monblogtrotter.com\/wp-content\/uploads\/2023\/08\/Reunion_Cilaos_Le-Grand-Benard_Rando1-1024x577.jpg\" alt=\"\" class=\"wp-image-1611\" srcset=\"https:\/\/monblogtrotter.com\/wp-content\/uploads\/2023\/08\/Reunion_Cilaos_Le-Grand-Benard_Rando1-1024x577.jpg 1024w, https:\/\/monblogtrotter.com\/wp-content\/uploads\/2023\/08\/Reunion_Cilaos_Le-Grand-Benard_Rando1-300x170.jpg 300w, https:\/\/monblogtrotter.com\/wp-content\/uploads\/2023\/08\/Reunion_Cilaos_Le-Grand-Benard_Rando1-768x433.jpg 768w, https:\/\/monblogtrotter.com\/wp-content\/uploads\/2023\/08\/Reunion_Cilaos_Le-Grand-Benard_Rando1-107x60.jpg 107w, https:\/\/monblogtrotter.com\/wp-content\/uploads\/2023\/08\/Reunion_Cilaos_Le-Grand-Benard_Rando1.jpg 1200w\" sizes=\"auto, (max-width: 1024px) 100vw, 1024px\" \/><\/a><\/figure><div class=\"wp-block-media-text__content\">\n<p class=\"justify-text\"><em><strong>Le Grand B\u00e9nare<\/strong><\/em> <a href=\"http:\/\/monblogtrotter.com\/?p=1751\" target=\"_blank\" rel=\"noreferrer noopener\">(Voir l&#8217;article)<\/a><\/p>\n\n\n\n<p class=\"justify-text has-normal-font-size\">\u00ab Randonn\u00e9e plut\u00f4t facile. Mais pr\u00e9voir de partir t\u00f4t le matin pour \u00e9viter les nuages qui pourraient emp\u00eacher la superbe vue sur le cirque de Mafate. Nous avons malheureusement pris la pluie la plupart du temps pendant la randonn\u00e9e.&nbsp;\u00bb<\/p>\n<\/div><\/div>\n\n\n\n<div style=\"height:30px\" aria-hidden=\"true\" class=\"wp-block-spacer\"><\/div>\n\n\n\n<div class=\"wp-block-media-text alignwide is-stacked-on-mobile\" style=\"grid-template-columns:38% auto\"><figure class=\"wp-block-media-text__media\"><a href=\"http:\/\/monblogtrotter.com\/?p=1757\" target=\"_blank\" rel=\"noopener noreferrer\"><img loading=\"lazy\" decoding=\"async\" width=\"1024\" height=\"577\" src=\"http:\/\/monblogtrotter.com\/wp-content\/uploads\/2023\/08\/Reunion_Cilaos_Maido_VTT04-1024x577.jpg\" alt=\"\" class=\"wp-image-1738\" srcset=\"https:\/\/monblogtrotter.com\/wp-content\/uploads\/2023\/08\/Reunion_Cilaos_Maido_VTT04-1024x577.jpg 1024w, https:\/\/monblogtrotter.com\/wp-content\/uploads\/2023\/08\/Reunion_Cilaos_Maido_VTT04-300x170.jpg 300w, https:\/\/monblogtrotter.com\/wp-content\/uploads\/2023\/08\/Reunion_Cilaos_Maido_VTT04-768x433.jpg 768w, https:\/\/monblogtrotter.com\/wp-content\/uploads\/2023\/08\/Reunion_Cilaos_Maido_VTT04-107x60.jpg 107w, https:\/\/monblogtrotter.com\/wp-content\/uploads\/2023\/08\/Reunion_Cilaos_Maido_VTT04.jpg 1200w\" sizes=\"auto, (max-width: 1024px) 100vw, 1024px\" \/><\/a><\/figure><div class=\"wp-block-media-text__content\">\n<p class=\"justify-text has-normal-font-size\"><em><strong>VTT depuis le Ma\u00efdo<\/strong><\/em> <a href=\"http:\/\/monblogtrotter.com\/?p=1757\" target=\"_blank\" rel=\"noreferrer noopener\">(Voir l&#8217;article)<\/a><\/p>\n\n\n\n<p class=\"justify-text has-normal-font-size\">\u00abExcellent moyen de d\u00e9couvrir les environs sous un autre angle que la marche \u00e0 pied. Les groupes sont assez nombreux entre 10 et 15. Il y a que de la descente, c\u2019est dommage de ne pas p\u00e9daler un peu plus et m\u00e9riter ses descentes.\u00bb<\/p>\n<\/div><\/div>\n\n\n\n<div style=\"height:30px\" aria-hidden=\"true\" class=\"wp-block-spacer\"><\/div>\n\n\n\n<div class=\"wp-block-media-text alignwide is-stacked-on-mobile\" style=\"grid-template-columns:38% auto\"><figure class=\"wp-block-media-text__media\"><a href=\"http:\/\/monblogtrotter.com\/?p=1760\" target=\"_blank\" rel=\"noopener noreferrer\"><img loading=\"lazy\" decoding=\"async\" width=\"1024\" height=\"577\" src=\"http:\/\/monblogtrotter.com\/wp-content\/uploads\/2023\/08\/Reunion_Cilaos_Bras-Rouge_Cascade1-1024x577.jpg\" alt=\"\" class=\"wp-image-1600\" srcset=\"https:\/\/monblogtrotter.com\/wp-content\/uploads\/2023\/08\/Reunion_Cilaos_Bras-Rouge_Cascade1-1024x577.jpg 1024w, https:\/\/monblogtrotter.com\/wp-content\/uploads\/2023\/08\/Reunion_Cilaos_Bras-Rouge_Cascade1-300x170.jpg 300w, https:\/\/monblogtrotter.com\/wp-content\/uploads\/2023\/08\/Reunion_Cilaos_Bras-Rouge_Cascade1-768x433.jpg 768w, https:\/\/monblogtrotter.com\/wp-content\/uploads\/2023\/08\/Reunion_Cilaos_Bras-Rouge_Cascade1-107x60.jpg 107w, https:\/\/monblogtrotter.com\/wp-content\/uploads\/2023\/08\/Reunion_Cilaos_Bras-Rouge_Cascade1.jpg 1200w\" sizes=\"auto, (max-width: 1024px) 100vw, 1024px\" \/><\/a><\/figure><div class=\"wp-block-media-text__content\">\n<p class=\"justify-text has-normal-font-size\"><em><strong>Cascade du Bras Rouge<\/strong><\/em> <a href=\"http:\/\/monblogtrotter.com\/?p=1760\" target=\"_blank\" rel=\"noreferrer noopener\">(Voir l&#8217;article)<\/a><\/p>\n\n\n\n<p class=\"justify-text has-normal-font-size\">\u00ab&nbsp;Le sentier qui m\u00e8ne \u00e0 la cascade n\u2019offre pas un paysage extraordinaire, en revanche la hauteur ainsi que le bruit de la cascade sont impressionnants.&nbsp;\u00bb<\/p>\n<\/div><\/div>\n\n\n\n<div style=\"height:30px\" aria-hidden=\"true\" class=\"wp-block-spacer\"><\/div>\n\n\n\n<div class=\"wp-block-media-text alignwide is-stacked-on-mobile\" style=\"grid-template-columns:38% auto\"><figure class=\"wp-block-media-text__media\"><a href=\"http:\/\/monblogtrotter.com\/?p=1762\" target=\"_blank\" rel=\"noopener noreferrer\"><img loading=\"lazy\" decoding=\"async\" width=\"1024\" height=\"577\" src=\"http:\/\/monblogtrotter.com\/wp-content\/uploads\/2023\/08\/Reunion_Cilaos_Piton-des-Neiges_Rando20-1024x577.jpg\" alt=\"\" class=\"wp-image-1637\" srcset=\"https:\/\/monblogtrotter.com\/wp-content\/uploads\/2023\/08\/Reunion_Cilaos_Piton-des-Neiges_Rando20-1024x577.jpg 1024w, https:\/\/monblogtrotter.com\/wp-content\/uploads\/2023\/08\/Reunion_Cilaos_Piton-des-Neiges_Rando20-300x170.jpg 300w, https:\/\/monblogtrotter.com\/wp-content\/uploads\/2023\/08\/Reunion_Cilaos_Piton-des-Neiges_Rando20-768x433.jpg 768w, https:\/\/monblogtrotter.com\/wp-content\/uploads\/2023\/08\/Reunion_Cilaos_Piton-des-Neiges_Rando20-107x60.jpg 107w, https:\/\/monblogtrotter.com\/wp-content\/uploads\/2023\/08\/Reunion_Cilaos_Piton-des-Neiges_Rando20.jpg 1200w\" sizes=\"auto, (max-width: 1024px) 100vw, 1024px\" \/><\/a><\/figure><div class=\"wp-block-media-text__content\">\n<p class=\"justify-text has-normal-font-size\"><em><strong>Le Piton des Neiges<\/strong><\/em> <a href=\"http:\/\/monblogtrotter.com\/?p=1762\" target=\"_blank\" rel=\"noreferrer noopener\">(Voir l&#8217;article)<\/a><\/p>\n\n\n\n<p class=\"justify-text has-normal-font-size\">\u00ab&nbsp;Incontournable. Tr\u00e8s belle randonn\u00e9e. Lev\u00e9 de soleil en haut \u00e0 ne pas manquer. Il y a pas mal de monde sur le sentier mais rien de d\u00e9rangeant&nbsp;\u00bb<\/p>\n<\/div><\/div>\n\n\n\n<div style=\"height:100px\" aria-hidden=\"true\" class=\"wp-block-spacer\"><\/div>\n\n\n\n<h3 class=\"wp-block-heading\"><strong><strong><strong><strong><strong>Saint Rose<\/strong><\/strong><\/strong><\/strong><\/strong><\/h3>\n\n\n\n<p>Sainte-Rose est une commune situ\u00e9e \u00e0 l&#8217;Est de l&#8217;\u00eele de la R\u00e9union qui est la plus fortement marqu\u00e9e par le volcan &#8211; le Piton de la Fournaise. On peu facilement apercevoir les coul\u00e9es de laves anciennes mais \u00e9galement tr\u00e8s r\u00e9centes sur ce cot\u00e9 de l\u2019\u00eele.<\/p>\n\n\n\n<p>Sainte-Rose abrite diff\u00e9rents ouvrages et monuments ayant marqu\u00e9s l&#8217;histoire de l&#8217;\u00eele de la R\u00e9union, comme la fameuse \u00e9glise Notre Dame des Laves qui a r\u00e9sist\u00e9 au Piton de la fournaise.<\/p>\n\n\n\n<p><\/p>\n\n\n\n<div class=\"wp-block-media-text alignwide is-stacked-on-mobile\" style=\"grid-template-columns:38% auto\"><figure class=\"wp-block-media-text__media\"><a href=\"http:\/\/monblogtrotter.com\/?p=1765\" target=\"_blank\" rel=\"noopener noreferrer\"><img loading=\"lazy\" decoding=\"async\" width=\"1024\" height=\"577\" src=\"http:\/\/monblogtrotter.com\/wp-content\/uploads\/2023\/08\/Reunion_Saint-Rose_Piton-de-la-Fournaise_Cratere-Dolomieux4-1024x577.jpg\" alt=\"\" class=\"wp-image-1695\" srcset=\"https:\/\/monblogtrotter.com\/wp-content\/uploads\/2023\/08\/Reunion_Saint-Rose_Piton-de-la-Fournaise_Cratere-Dolomieux4-1024x577.jpg 1024w, https:\/\/monblogtrotter.com\/wp-content\/uploads\/2023\/08\/Reunion_Saint-Rose_Piton-de-la-Fournaise_Cratere-Dolomieux4-300x170.jpg 300w, https:\/\/monblogtrotter.com\/wp-content\/uploads\/2023\/08\/Reunion_Saint-Rose_Piton-de-la-Fournaise_Cratere-Dolomieux4-768x433.jpg 768w, https:\/\/monblogtrotter.com\/wp-content\/uploads\/2023\/08\/Reunion_Saint-Rose_Piton-de-la-Fournaise_Cratere-Dolomieux4-107x60.jpg 107w, https:\/\/monblogtrotter.com\/wp-content\/uploads\/2023\/08\/Reunion_Saint-Rose_Piton-de-la-Fournaise_Cratere-Dolomieux4.jpg 1200w\" sizes=\"auto, (max-width: 1024px) 100vw, 1024px\" \/><\/a><\/figure><div class=\"wp-block-media-text__content\">\n<p class=\"justify-text has-normal-font-size\"><em><strong>Le piton de la fournaise<\/strong><\/em> <a href=\"http:\/\/monblogtrotter.com\/?p=1765\" target=\"_blank\" rel=\"noreferrer noopener\">(Voir l&#8217;article)<\/a><\/p>\n\n\n\n<p class=\"justify-text\">\u00abIncontournable. Environnement tr\u00e8s particulier avec des crat\u00e8res encore fumant des pr\u00e9c\u00e9dentes \u00e9ruptions. Paysages tir\u00e9s des films de science fiction.&nbsp;Pr\u00e9voyez de l\u2019eau et de quoi vous couvrir du soleil\u00bb<\/p>\n<\/div><\/div>\n\n\n\n<div style=\"height:30px\" aria-hidden=\"true\" class=\"wp-block-spacer\"><\/div>\n\n\n\n<div class=\"wp-block-media-text alignwide is-stacked-on-mobile\" style=\"grid-template-columns:38% auto\"><figure class=\"wp-block-media-text__media\"><a href=\"http:\/\/monblogtrotter.com\/?p=1768\" target=\"_blank\" rel=\"noopener noreferrer\"><img loading=\"lazy\" decoding=\"async\" width=\"1024\" height=\"577\" src=\"http:\/\/monblogtrotter.com\/wp-content\/uploads\/2023\/08\/Reunion_Saint-Rose_Eglise-Notre-Dame-des-Laves_Visite1-1024x577.jpg\" alt=\"\" class=\"wp-image-1674\" srcset=\"https:\/\/monblogtrotter.com\/wp-content\/uploads\/2023\/08\/Reunion_Saint-Rose_Eglise-Notre-Dame-des-Laves_Visite1-1024x577.jpg 1024w, https:\/\/monblogtrotter.com\/wp-content\/uploads\/2023\/08\/Reunion_Saint-Rose_Eglise-Notre-Dame-des-Laves_Visite1-300x170.jpg 300w, https:\/\/monblogtrotter.com\/wp-content\/uploads\/2023\/08\/Reunion_Saint-Rose_Eglise-Notre-Dame-des-Laves_Visite1-768x433.jpg 768w, https:\/\/monblogtrotter.com\/wp-content\/uploads\/2023\/08\/Reunion_Saint-Rose_Eglise-Notre-Dame-des-Laves_Visite1-107x60.jpg 107w, https:\/\/monblogtrotter.com\/wp-content\/uploads\/2023\/08\/Reunion_Saint-Rose_Eglise-Notre-Dame-des-Laves_Visite1.jpg 1200w\" sizes=\"auto, (max-width: 1024px) 100vw, 1024px\" \/><\/a><\/figure><div class=\"wp-block-media-text__content\">\n<p class=\"justify-text has-normal-font-size\"><em><strong>L\u2019\u00e9glise Notre Dame des Laves<\/strong><\/em> <a href=\"http:\/\/monblogtrotter.com\/?p=1768\" target=\"_blank\" rel=\"noreferrer noopener\">(Voir l&#8217;article)<\/a><\/p>\n\n\n\n<p class=\"justify-text\">\u00ab L\u2019int\u00e9rieur et l\u2019ext\u00e9rieur de l\u2019\u00e9glise en soit ne sont pas exceptionnel. En revanche, voir la coul\u00e9e de lave autour et lire les diff\u00e9rents articles de presse \u00e0 l\u2019int\u00e9rieur de l\u2019\u00e9glise font poser pas mal d\u2019interrogations.&nbsp;\u00bb<\/p>\n<\/div><\/div>\n\n\n\n<div style=\"height:30px\" aria-hidden=\"true\" class=\"wp-block-spacer\"><\/div>\n\n\n\n<div class=\"wp-block-media-text alignwide is-stacked-on-mobile\" style=\"grid-template-columns:38% auto\"><figure class=\"wp-block-media-text__media\"><a href=\"http:\/\/monblogtrotter.com\/?p=1771\" target=\"_blank\" rel=\"noopener noreferrer\"><img loading=\"lazy\" decoding=\"async\" width=\"1024\" height=\"577\" src=\"http:\/\/monblogtrotter.com\/wp-content\/uploads\/2023\/08\/Reunion_Saint-Rose_Tunnnels-de-Lave_Speleo1-1024x577.jpg\" alt=\"\" class=\"wp-image-1713\" srcset=\"https:\/\/monblogtrotter.com\/wp-content\/uploads\/2023\/08\/Reunion_Saint-Rose_Tunnnels-de-Lave_Speleo1-1024x577.jpg 1024w, https:\/\/monblogtrotter.com\/wp-content\/uploads\/2023\/08\/Reunion_Saint-Rose_Tunnnels-de-Lave_Speleo1-300x170.jpg 300w, https:\/\/monblogtrotter.com\/wp-content\/uploads\/2023\/08\/Reunion_Saint-Rose_Tunnnels-de-Lave_Speleo1-768x433.jpg 768w, https:\/\/monblogtrotter.com\/wp-content\/uploads\/2023\/08\/Reunion_Saint-Rose_Tunnnels-de-Lave_Speleo1-107x60.jpg 107w, https:\/\/monblogtrotter.com\/wp-content\/uploads\/2023\/08\/Reunion_Saint-Rose_Tunnnels-de-Lave_Speleo1.jpg 1200w\" sizes=\"auto, (max-width: 1024px) 100vw, 1024px\" \/><\/a><\/figure><div class=\"wp-block-media-text__content\">\n<p class=\"justify-text has-normal-font-size\"><em><strong>Tunnels de lave<\/strong><\/em> <a href=\"http:\/\/monblogtrotter.com\/?p=1771\" target=\"_blank\" rel=\"noreferrer noopener\">(Voir l&#8217;article)<\/a><\/p>\n\n\n\n<p class=\"justify-text\">\u00ab&nbsp;Exp\u00e9dition tr\u00e8s int\u00e9ressante. Nous apprenons comment ces tunnels de lave se sont form\u00e9s. Nous d\u00e9couvrons sur le chemin des empreintes d\u2019arbres qui ont \u00e9t\u00e9 emport\u00e9s par la lave\u00bb<\/p>\n<\/div><\/div>\n\n\n\n<div style=\"height:30px\" aria-hidden=\"true\" class=\"wp-block-spacer\"><\/div>\n\n\n\n<div class=\"wp-block-media-text alignwide is-stacked-on-mobile\" style=\"grid-template-columns:38% auto\"><figure class=\"wp-block-media-text__media\"><a href=\"http:\/\/monblogtrotter.com\/?p=1773\" target=\"_blank\" rel=\"noopener noreferrer\"><img loading=\"lazy\" decoding=\"async\" width=\"1024\" height=\"577\" src=\"http:\/\/monblogtrotter.com\/wp-content\/uploads\/2023\/08\/Reunion_saint-Rose_Littoral_Rando12-1024x577.jpg\" alt=\"\" class=\"wp-image-1689\" srcset=\"https:\/\/monblogtrotter.com\/wp-content\/uploads\/2023\/08\/Reunion_saint-Rose_Littoral_Rando12-1024x577.jpg 1024w, https:\/\/monblogtrotter.com\/wp-content\/uploads\/2023\/08\/Reunion_saint-Rose_Littoral_Rando12-300x170.jpg 300w, https:\/\/monblogtrotter.com\/wp-content\/uploads\/2023\/08\/Reunion_saint-Rose_Littoral_Rando12-768x433.jpg 768w, https:\/\/monblogtrotter.com\/wp-content\/uploads\/2023\/08\/Reunion_saint-Rose_Littoral_Rando12-107x60.jpg 107w, https:\/\/monblogtrotter.com\/wp-content\/uploads\/2023\/08\/Reunion_saint-Rose_Littoral_Rando12.jpg 1200w\" sizes=\"auto, (max-width: 1024px) 100vw, 1024px\" \/><\/a><\/figure><div class=\"wp-block-media-text__content\">\n<p class=\"justify-text has-normal-font-size\"><em><strong>Le littoral St Rose<\/strong><\/em> <a href=\"http:\/\/monblogtrotter.com\/?p=1773\" target=\"_blank\" rel=\"noreferrer noopener\">(Voir l&#8217;article)<\/a><\/p>\n\n\n\n<p class=\"justify-text\">\u00ab&nbsp;Jolie balade alternant sous bois, palmiers, arbres tordus par le vent et la mer qui s\u2019\u00e9crase sur les coul\u00e9s de laves.&nbsp;\u00bb<\/p>\n<\/div><\/div>\n\n\n\n<div style=\"height:100px\" aria-hidden=\"true\" class=\"wp-block-spacer\"><\/div>\n\n\n\n<h3 class=\"wp-block-heading\"><strong><strong><strong><strong><strong>Languevin<\/strong><\/strong><\/strong><\/strong><\/strong><\/h3>\n\n\n\n<p>La rivi\u00e8re Langevin se jette dans l&#8217;Oc\u00e9an un peu apr\u00e8s St Joseph. Elle prend sa source au Morne Langevin \u00e0 2402m d&#8217;altitude sur les flancs du Volcan Piton de la Fournaise. C\u2019est une rivi\u00e8re&nbsp; souterraine qui appara\u00eet dans une magnifique r\u00e9surgence \u00e0 Grand Galet.<\/p>\n\n\n\n<p>Une route escarp\u00e9e m\u00e8ne \u00e0 un point de vue spectaculaire sur la cascade Langevin dite aussi &#8220;Grand Galet&#8221;. Compos\u00e9e de multiples chutes d&#8217;eau, elle s&#8217;\u00e9tale sur un large mur sur lequel s\u2019\u00e9coule en permanence une eau abondante et claire.<\/p>\n\n\n\n<p>La rivi\u00e8re est un endroit id\u00e9al pour le canyoning avec une succession de petites cascades, des toboggans et sauts allant jusqu&#8217;\u00e0 8 m\u00e8tres, tyrolienne et rappel guid\u00e9 \u00e0 plus de 12 m\u00e8tres.<\/p>\n\n\n\n<div class=\"wp-block-media-text alignwide is-stacked-on-mobile\" style=\"grid-template-columns:38% auto\"><figure class=\"wp-block-media-text__media\"><a href=\"http:\/\/monblogtrotter.com\/?p=1775\" target=\"_blank\" rel=\"noopener noreferrer\"><img loading=\"lazy\" decoding=\"async\" width=\"1024\" height=\"577\" src=\"http:\/\/monblogtrotter.com\/wp-content\/uploads\/2023\/08\/Reunion_Languevin_Pti-Galet_Cascade2-1024x577.jpg\" alt=\"\" class=\"wp-image-1649\" srcset=\"https:\/\/monblogtrotter.com\/wp-content\/uploads\/2023\/08\/Reunion_Languevin_Pti-Galet_Cascade2-1024x577.jpg 1024w, https:\/\/monblogtrotter.com\/wp-content\/uploads\/2023\/08\/Reunion_Languevin_Pti-Galet_Cascade2-300x170.jpg 300w, https:\/\/monblogtrotter.com\/wp-content\/uploads\/2023\/08\/Reunion_Languevin_Pti-Galet_Cascade2-768x433.jpg 768w, https:\/\/monblogtrotter.com\/wp-content\/uploads\/2023\/08\/Reunion_Languevin_Pti-Galet_Cascade2-107x60.jpg 107w, https:\/\/monblogtrotter.com\/wp-content\/uploads\/2023\/08\/Reunion_Languevin_Pti-Galet_Cascade2.jpg 1200w\" sizes=\"auto, (max-width: 1024px) 100vw, 1024px\" \/><\/a><\/figure><div class=\"wp-block-media-text__content\">\n<p class=\"justify-text has-normal-font-size\"><em><strong>Canoying le P\u2019tit Galet<\/strong><\/em> <a href=\"http:\/\/monblogtrotter.com\/?p=1775\" target=\"_blank\" rel=\"noreferrer noopener\">(Voir l&#8217;article)<\/a><\/p>\n\n\n\n<p class=\"justify-text\">\u00abTr\u00e8s bonne exp\u00e9rience avec un guide qui met en confiance et nous fait sentir en s\u00e9curit\u00e9. Parcours relativement facile m\u00eame pour les personnes qui ont le vertige.&nbsp;\u00bb<\/p>\n<\/div><\/div>\n\n\n\n<div style=\"height:100px\" aria-hidden=\"true\" class=\"wp-block-spacer\"><\/div>\n\n\n\n<h3 class=\"wp-block-heading\"><strong><strong><strong><strong><strong><strong>Saint G\u00eelles les Baims<\/strong><\/strong><\/strong><\/strong><\/strong><\/strong><\/h3>\n\n\n\n<p>La R\u00e9union dispose de 25 kilom\u00e8tres de r\u00e9cifs coralliens et de lagons. Les plages et zones de baignade se concentrent entre Saint-Gilles les Bains et Saint-Pierre. Elles comprennent des zones prot\u00e9g\u00e9es de baignade en pleine mer et des zones de baignade en lagon, ainsi que quelques bassins am\u00e9nag\u00e9s.<\/p>\n\n\n\n<p>La r\u00e9cente formation de La R\u00e9union (3 millions d\u2019ann\u00e9es) explique la faible surface occup\u00e9e par les formations coralliennes qui sont \u00e2g\u00e9es environ de 8.000 ans. Elles sont caract\u00e9ris\u00e9es par une faible profondeur, maximum 2 m\u00e8tres et par une faible envergure, 200 m au plus large.<\/p>\n\n\n\n<p>Malgr\u00e9 la faible surface qu\u2019ils occupent, les r\u00e9cifs renferment une biodiversit\u00e9 exceptionnelle de plus de 3.500 esp\u00e8ces.<\/p>\n\n\n\n<p>Saint-Gilles est le littoral o\u00f9 se trouvent les plages les plus fr\u00e9quent\u00e9es de l&#8217;\u00eele. Il s&#8217;agit de la principale station baln\u00e9aire de l&#8217;\u00eele. Saint-Gilles est parfois appel\u00e9e &#8220;Zoreiland&#8221; en raison du nombre \u00e9lev\u00e9 de touristes qui y s\u00e9journent (les m\u00e9tropolitains qui ne sont pas n\u00e9s \u00e0 La R\u00e9union sont appel\u00e9s &#8220;zoreils&#8221; par les R\u00e9unionnais).<\/p>\n\n\n\n<div class=\"wp-block-media-text alignwide is-stacked-on-mobile\" style=\"grid-template-columns:38% auto\"><figure class=\"wp-block-media-text__media\"><a href=\"http:\/\/monblogtrotter.com\/?p=1777\" target=\"_blank\" rel=\"noopener noreferrer\"><img loading=\"lazy\" decoding=\"async\" width=\"1024\" height=\"576\" src=\"http:\/\/monblogtrotter.com\/wp-content\/uploads\/2023\/08\/Reunion_Saint-Gilles-les-Baims_La-Saline_Plage3-1024x576.jpg\" alt=\"\" class=\"wp-image-1659\" srcset=\"https:\/\/monblogtrotter.com\/wp-content\/uploads\/2023\/08\/Reunion_Saint-Gilles-les-Baims_La-Saline_Plage3-1024x576.jpg 1024w, https:\/\/monblogtrotter.com\/wp-content\/uploads\/2023\/08\/Reunion_Saint-Gilles-les-Baims_La-Saline_Plage3-300x170.jpg 300w, https:\/\/monblogtrotter.com\/wp-content\/uploads\/2023\/08\/Reunion_Saint-Gilles-les-Baims_La-Saline_Plage3-768x432.jpg 768w, https:\/\/monblogtrotter.com\/wp-content\/uploads\/2023\/08\/Reunion_Saint-Gilles-les-Baims_La-Saline_Plage3-107x60.jpg 107w, https:\/\/monblogtrotter.com\/wp-content\/uploads\/2023\/08\/Reunion_Saint-Gilles-les-Baims_La-Saline_Plage3.jpg 1200w\" sizes=\"auto, (max-width: 1024px) 100vw, 1024px\" \/><\/a><\/figure><div class=\"wp-block-media-text__content\">\n<p class=\"justify-text has-normal-font-size\"><em><strong>Plage de la saline<\/strong><\/em> <a href=\"http:\/\/monblogtrotter.com\/?p=1777\" target=\"_blank\" rel=\"noreferrer noopener\">(Voir l&#8217;article)<\/a><\/p>\n\n\n\n<p class=\"justify-text\">\u00abTr\u00e8s jolie plage de sable blanc. Prenez absolument un masque et un tuba pour ne pas manquer l\u2019extraordinaire faune marine qui se cache dans le lagon.&nbsp;\u00bb<\/p>\n<\/div><\/div>\n\n\n\n<div style=\"height:30px\" aria-hidden=\"true\" class=\"wp-block-spacer\"><\/div>\n\n\n\n<div class=\"wp-block-media-text alignwide is-stacked-on-mobile\" style=\"grid-template-columns:38% auto\"><figure class=\"wp-block-media-text__media\"><a href=\"http:\/\/monblogtrotter.com\/?p=1779\" target=\"_blank\" rel=\"noopener noreferrer\"><img loading=\"lazy\" decoding=\"async\" width=\"1024\" height=\"577\" src=\"http:\/\/monblogtrotter.com\/wp-content\/uploads\/2023\/08\/Reunion_Saint-Gilles-les-Baims_Plonge_Demoiselle-de-Lagon-1024x577.jpg\" alt=\"\" class=\"wp-image-1670\" srcset=\"https:\/\/monblogtrotter.com\/wp-content\/uploads\/2023\/08\/Reunion_Saint-Gilles-les-Baims_Plonge_Demoiselle-de-Lagon-1024x577.jpg 1024w, https:\/\/monblogtrotter.com\/wp-content\/uploads\/2023\/08\/Reunion_Saint-Gilles-les-Baims_Plonge_Demoiselle-de-Lagon-300x170.jpg 300w, https:\/\/monblogtrotter.com\/wp-content\/uploads\/2023\/08\/Reunion_Saint-Gilles-les-Baims_Plonge_Demoiselle-de-Lagon-768x433.jpg 768w, https:\/\/monblogtrotter.com\/wp-content\/uploads\/2023\/08\/Reunion_Saint-Gilles-les-Baims_Plonge_Demoiselle-de-Lagon-107x60.jpg 107w, https:\/\/monblogtrotter.com\/wp-content\/uploads\/2023\/08\/Reunion_Saint-Gilles-les-Baims_Plonge_Demoiselle-de-Lagon.jpg 1200w\" sizes=\"auto, (max-width: 1024px) 100vw, 1024px\" \/><\/a><\/figure><div class=\"wp-block-media-text__content\">\n<p class=\"justify-text has-normal-font-size\"><em><strong>Bapt\u00eame de plong\u00e9e<\/strong><\/em> <a href=\"http:\/\/monblogtrotter.com\/?p=1779\" target=\"_blank\" rel=\"noreferrer noopener\">(Voir l&#8217;article)<\/a><\/p>\n\n\n\n<p class=\"justify-text\">&nbsp;\u00ab Il serait dommage de ne pas tenter l\u2019exp\u00e9rience m\u00eame si vous n\u2019avez aucune exp\u00e9rience en plong\u00e9e. Les bapt\u00eames sont faits pour cela. Exp\u00e9rience tr\u00e8s enrichissantes avec l\u2019impression d\u2019\u00eatre dans un autre univers.&nbsp;\u00bb<\/p>\n<\/div><\/div>\n\n\n\n<div style=\"height:100px\" aria-hidden=\"true\" class=\"wp-block-spacer\"><\/div>\n\n\n\n<h3 class=\"wp-block-heading\"><strong><strong><strong><strong><strong><strong><strong>Salazie<\/strong><\/strong><\/strong><\/strong><\/strong><\/strong><\/strong><\/h3>\n\n\n\n<p>Situ\u00e9 \u00e0 l\u2019est de La R\u00e9union, le cirque de Salazie est l\u2019un des trois cirques naturels de la R\u00e9union avec Mafate et Cilaos. Il se trouve dans le centre de l\u2019\u00eele, au nord-est du massif du Piton des Neiges, d\u2019o\u00f9 la signature de Salazie, \u00ab Au c\u0153ur de l\u2019\u00eele rayonne \u00bb.<\/p>\n\n\n\n<p>De par sa situation g\u00e9ographique, le cirque de Salazie est le plus expos\u00e9 \u00e0 la pluie. La nature y est luxuriante et tapisse un d\u00e9cor de falaises abruptes \u00e0 travers lesquelles des cascades vertigineuses se succ\u00e8dent.<\/p>\n\n\n\n<div class=\"wp-block-media-text alignwide is-stacked-on-mobile\" style=\"grid-template-columns:38% auto\"><figure class=\"wp-block-media-text__media\"><a href=\"http:\/\/monblogtrotter.com\/?p=1781\" target=\"_blank\" rel=\"noopener noreferrer\"><img loading=\"lazy\" decoding=\"async\" width=\"1024\" height=\"576\" src=\"http:\/\/monblogtrotter.com\/wp-content\/uploads\/2023\/08\/Reunion_Salazie_Le-Voile-de-la-Mariee_Cascade1-1024x576.jpg\" alt=\"\" class=\"wp-image-1717\" srcset=\"https:\/\/monblogtrotter.com\/wp-content\/uploads\/2023\/08\/Reunion_Salazie_Le-Voile-de-la-Mariee_Cascade1-1024x576.jpg 1024w, https:\/\/monblogtrotter.com\/wp-content\/uploads\/2023\/08\/Reunion_Salazie_Le-Voile-de-la-Mariee_Cascade1-300x170.jpg 300w, https:\/\/monblogtrotter.com\/wp-content\/uploads\/2023\/08\/Reunion_Salazie_Le-Voile-de-la-Mariee_Cascade1-768x432.jpg 768w, https:\/\/monblogtrotter.com\/wp-content\/uploads\/2023\/08\/Reunion_Salazie_Le-Voile-de-la-Mariee_Cascade1-107x60.jpg 107w, https:\/\/monblogtrotter.com\/wp-content\/uploads\/2023\/08\/Reunion_Salazie_Le-Voile-de-la-Mariee_Cascade1.jpg 1200w\" sizes=\"auto, (max-width: 1024px) 100vw, 1024px\" \/><\/a><\/figure><div class=\"wp-block-media-text__content\">\n<p class=\"justify-text has-normal-font-size\"><em><strong>Le Voile de la mari\u00e9e<\/strong><\/em> <a href=\"http:\/\/monblogtrotter.com\/?p=1781\" target=\"_blank\" rel=\"noreferrer noopener\">(Voir l&#8217;article)<\/a><\/p>\n\n\n\n<p class=\"justify-text\">\u00ab La cascade peut \u00eatre aper\u00e7u depuis la route. Il y a une petite balade d\u2019une heure pour arriver proche du pied de la cascade. Mais cela ne vaut pas forcement le coup.&nbsp;\u00bb<\/p>\n<\/div><\/div>\n\n\n\n<div style=\"height:100px\" aria-hidden=\"true\" class=\"wp-block-spacer\"><\/div>\n\n\n\n<hr class=\"wp-block-separator\"\/>\n\n\n\n<h2 class=\"wp-block-heading\"><strong><strong>Notre avis sur ce voyage<\/strong><\/strong><\/h2>\n\n\n\n<p>Au milieu de l\u2019oc\u00e9an Indien, l\u2019\u00eele de la R\u00e9union est un lieu unique \u00e0 facettes multiples. Les eaux tropicales sont un terrain de jeu id\u00e9al pour les activit\u00e9s nautiques. Escarp\u00e9 et sauvage, c\u2019est un v\u00e9ritable paradis de la randonn\u00e9e. Le majestueux volcan Piton des Neiges, entour\u00e9 de trois cirques volcaniques, et le paysage lunaire du Piton de la Fournaise, l&#8217;un des volcans les plus actifs au monde, offrent une vue panoramique exceptionnelle.<\/p>\n\n\n\n<p>A l\u2019image de sa population multiculturelle, chaleureuse et accueillante, sa cuisine est un m\u00e9lange subtil des saveurs venues d\u2019ailleurs.<\/p>\n\n\n\n<p>Si vous souhaitez une destination qui s\u2019adapte \u00e0 tout le monde, alors La R\u00e9union est la meilleure solution. Tout le monde y trouvera son compte.<\/p>\n\n\n\n<p><\/p>\n\n\n\n<hr class=\"wp-block-separator\"\/>\n\n\n\n<h2 class=\"wp-block-heading\">Album Photo<\/h2>\n\n\n\n<div class=\"wp-block-group\"><div class=\"wp-block-group__inner-container is-layout-flow wp-block-group-is-layout-flow\">\n<div class=\"wp-block-group\"><div class=\"wp-block-group__inner-container is-layout-flow wp-block-group-is-layout-flow\">\n<div class=\"wp-block-group is-layout-flow wp-block-group-is-layout-flow\"><div class=\"wp-block-group__inner-container\"><\/div><\/div>\n<\/div><\/div>\n<\/div><\/div>\n\n\n\n<figure class=\"wp-block-image size-medium is-resized\"><a href=\"https:\/\/www.calameo.com\/read\/00138474913c1a7120944\" target=\"_blank\" rel=\"noopener noreferrer\"><img loading=\"lazy\" decoding=\"async\" src=\"https:\/\/monblogtrotter.com\/wp-content\/uploads\/2023\/08\/1-300x300.png\" alt=\"\" class=\"wp-image-1573\" width=\"300\" height=\"300\"\/><\/a><figcaption><a href=\"https:\/\/www.calameo.com\/read\/00138474913c1a7120944\" target=\"_blank\" rel=\"noreferrer noopener\">(Voir l\u2019album)<\/a><\/figcaption><\/figure>\n\n\n\n<hr class=\"wp-block-separator\"\/>\n\n\n\n<h2 class=\"wp-block-heading\">Galerie Photo<\/h2>\n\n\n\n<div class=\"alignnormal\">[metaslider id=1811 cssclass=&#8221;&#8221;]<\/div>\n\n\n\n<p><\/p>\n<div style='text-align:left' class='yasr-auto-insert-visitor'><\/div>","protected":false},"excerpt":{"rendered":"<p>L\u2019ile de la r\u00e9union : Intens\u00e9ment grandiose \u00e0 travers les Pitons, cirques et remparts. Intens\u00e9ment exotique, avec les poissons multicolores qui vont et viennent dans l\u2019eau turquoise des lagons. Intens\u00e9ment envo\u00fbtante, Carrefour des civilisations europ\u00e9enne, malgache, indienne, asiatique et africaine. D\u00e9couvrez le voyage de la &hellip; <\/p>\n","protected":false},"author":2,"featured_media":1736,"comment_status":"open","ping_status":"open","sticky":false,"template":"","format":"standard","meta":{"yasr_overall_rating":0,"yasr_post_is_review":"","yasr_auto_insert_disabled":"","yasr_review_type":"","footnotes":""},"categories":[11,21],"tags":[],"class_list":["post-1582","post","type-post","status-publish","format-standard","has-post-thumbnail","hentry","category-afrique","category-la-reunion"],"yasr_visitor_votes":{"stars_attributes":{"read_only":false,"span_bottom":false},"number_of_votes":0,"sum_votes":0},"_links":{"self":[{"href":"https:\/\/monblogtrotter.com\/index.php?rest_route=\/wp\/v2\/posts\/1582","targetHints":{"allow":["GET"]}}],"collection":[{"href":"https:\/\/monblogtrotter.com\/index.php?rest_route=\/wp\/v2\/posts"}],"about":[{"href":"https:\/\/monblogtrotter.com\/index.php?rest_route=\/wp\/v2\/types\/post"}],"author":[{"embeddable":true,"href":"https:\/\/monblogtrotter.com\/index.php?rest_route=\/wp\/v2\/users\/2"}],"replies":[{"embeddable":true,"href":"https:\/\/monblogtrotter.com\/index.php?rest_route=%2Fwp%2Fv2%2Fcomments&post=1582"}],"version-history":[{"count":29,"href":"https:\/\/monblogtrotter.com\/index.php?rest_route=\/wp\/v2\/posts\/1582\/revisions"}],"predecessor-version":[{"id":2619,"href":"https:\/\/monblogtrotter.com\/index.php?rest_route=\/wp\/v2\/posts\/1582\/revisions\/2619"}],"wp:featuredmedia":[{"embeddable":true,"href":"https:\/\/monblogtrotter.com\/index.php?rest_route=\/wp\/v2\/media\/1736"}],"wp:attachment":[{"href":"https:\/\/monblogtrotter.com\/index.php?rest_route=%2Fwp%2Fv2%2Fmedia&parent=1582"}],"wp:term":[{"taxonomy":"category","embeddable":true,"href":"https:\/\/monblogtrotter.com\/index.php?rest_route=%2Fwp%2Fv2%2Fcategories&post=1582"},{"taxonomy":"post_tag","embeddable":true,"href":"https:\/\/monblogtrotter.com\/index.php?rest_route=%2Fwp%2Fv2%2Ftags&post=1582"}],"curies":[{"name":"wp","href":"https:\/\/api.w.org\/{rel}","templated":true}]}}